{"id":390,"date":"2014-08-19T15:13:16","date_gmt":"2014-08-19T15:13:16","guid":{"rendered":"http:\/\/designsundsvall.se\/?p=390"},"modified":"2014-11-10T18:24:12","modified_gmt":"2014-11-10T18:24:12","slug":"boken-om-sundsvallsbranden-i-ny-utgava","status":"publish","type":"post","link":"https:\/\/designsundsvall.se\/?p=390","title":{"rendered":"Boken om Sundsvallsbranden i ny utg\u00e5va"},"content":{"rendered":"<h1><a href=\"https:\/\/designsundsvall.se\/wp-content\/uploads\/2014\/08\/Omslag-Den-t\u00e4ndande-gnistan-webb.jpg\"><img loading=\"lazy\" decoding=\"async\" class=\"alignnone size-large wp-image-387\" title=\"Omslag Den t\u00e4ndande gnistan (webb)\" src=\"https:\/\/designsundsvall.se\/wp-content\/uploads\/2014\/08\/Omslag-Den-t\u00e4ndande-gnistan-webb-1024x435.jpg\" alt=\"\" width=\"640\" height=\"271\" srcset=\"https:\/\/designsundsvall.se\/wp-content\/uploads\/2014\/08\/Omslag-Den-t\u00e4ndande-gnistan-webb-1024x435.jpg 1024w, https:\/\/designsundsvall.se\/wp-content\/uploads\/2014\/08\/Omslag-Den-t\u00e4ndande-gnistan-webb-300x127.jpg 300w\" sizes=\"auto, (max-width: 640px) 100vw, 640px\" \/><\/a><\/h1>\n<h1>DEN T\u00c4NDANDE GNISTAN<\/h1>\n<p>Fr\u00e5n den 4 september 2014 finns den \u00e5ter i handeln. Min bok om Sundsvallsbranden, den enda boken som beskriver den st\u00f6rsta brandkatastrofen i Sveriges historia. Det handlar naturligtvis mest om Sundsvalls som var den stad som drabbades v\u00e4rst. Boken ber\u00e4ttar \u00e4ven om de \u00f6vriga platserna d\u00e4r elden h\u00e4rjade, fr\u00e4mst d\u00e5 Ume\u00e5, som i omfattning var n\u00e4rmast efter Sundsvall.<\/p>\n<p>L\u00e4s\u00a0om boken i <a href=\"http:\/\/www.st.nu\/kultur\/bocker\/lokalhistorien-ar-just-nu-brinnande-intressant\" target=\"_blank\">Sundsvalls Tidning<\/a>, samt recension i <a href=\"http:\/\/www.allehanda.se\/kultur\/bocker\/den-fruktansvarda-branden-i-sundsvall\" target=\"_blank\">\u00d6rnsk\u00f6ldsviks Allehanda och Tidningen \u00c5ngermanland<\/a>.<\/p>\n<p>L\u00e4s mer p\u00e5 sidan <a title=\"B\u00f6cker\" href=\"https:\/\/designsundsvall.se\/?page_id=382\">B\u00f6cker<\/a>.<\/p>\n","protected":false},"excerpt":{"rendered":"<p>DEN T\u00c4NDANDE GNISTAN Fr\u00e5n den 4 september 2014 finns den \u00e5ter i handeln. Min bok om Sundsvallsbranden, den enda boken som beskriver den st\u00f6rsta brandkatastrofen i Sveriges historia. Det handlar naturligtvis mest om Sundsvalls som var den stad som drabbades &hellip; <a href=\"https:\/\/designsundsvall.se\/?p=390\">Forts\u00e4tt l\u00e4sa <span class=\"meta-nav\">&rarr;<\/span><\/a><\/p>\n","protected":false},"author":1,"featured_media":0,"comment_status":"open","ping_status":"open","sticky":false,"template":"","format":"standard","meta":{"footnotes":""},"categories":[10,56,3,4],"tags":[57,58],"class_list":["post-390","post","type-post","status-publish","format-standard","hentry","category-design","category-lokalhistoria","category-stenstan","category-sundsvall","tag-den-tandande-gnistan","tag-svenake-bostrom"],"post_mailing_queue_ids":[],"_links":{"self":[{"href":"https:\/\/designsundsvall.se\/index.php?rest_route=\/wp\/v2\/posts\/390","targetHints":{"allow":["GET"]}}],"collection":[{"href":"https:\/\/designsundsvall.se\/index.php?rest_route=\/wp\/v2\/posts"}],"about":[{"href":"https:\/\/designsundsvall.se\/index.php?rest_route=\/wp\/v2\/types\/post"}],"author":[{"embeddable":true,"href":"https:\/\/designsundsvall.se\/index.php?rest_route=\/wp\/v2\/users\/1"}],"replies":[{"embeddable":true,"href":"https:\/\/designsundsvall.se\/index.php?rest_route=%2Fwp%2Fv2%2Fcomments&post=390"}],"version-history":[{"count":4,"href":"https:\/\/designsundsvall.se\/index.php?rest_route=\/wp\/v2\/posts\/390\/revisions"}],"predecessor-version":[{"id":416,"href":"https:\/\/designsundsvall.se\/index.php?rest_route=\/wp\/v2\/posts\/390\/revisions\/416"}],"wp:attachment":[{"href":"https:\/\/designsundsvall.se\/index.php?rest_route=%2Fwp%2Fv2%2Fmedia&parent=390"}],"wp:term":[{"taxonomy":"category","embeddable":true,"href":"https:\/\/designsundsvall.se\/index.php?rest_route=%2Fwp%2Fv2%2Fcategories&post=390"},{"taxonomy":"post_tag","embeddable":true,"href":"https:\/\/designsundsvall.se\/index.php?rest_route=%2Fwp%2Fv2%2Ftags&post=390"}],"curies":[{"name":"wp","href":"https:\/\/api.w.org\/{rel}","templated":true}]}}