{"id":36,"date":"2011-06-01T16:07:56","date_gmt":"2011-06-01T16:07:56","guid":{"rendered":"http:\/\/designsundsvall.se\/?p=36"},"modified":"2011-06-01T17:08:31","modified_gmt":"2011-06-01T17:08:31","slug":"uppmarksammad-i-lokaltidningarna","status":"publish","type":"post","link":"https:\/\/designsundsvall.se\/?p=36","title":{"rendered":"Uppm\u00e4rksammad i lokaltidningarna"},"content":{"rendered":"<p><strong>Tack Susanne Holmlund och Arne \u00c5kerlund f\u00f6r att ni uppm\u00e4rksammade en f.d. kollegas bravader. B\u00e5da de dagliga lokaltidningarna ber\u00e4ttade i dag (1 juni 2011) att jag p\u00e5 l\u00f6rdag \u00f6ppnar butiken Design Sundsvall. <\/strong><br \/>\nL\u00e4s artiklarna i <a title=\"Dagbladet.se\" href=\"http:\/\/dagbladet.se\/nyheter\/sundsvall\/1.3336897-oppnar-butik-for-bilder-och-konsthantverk\" target=\"_blank\">Dagbladet<\/a> och <a title=\"ST.NU\" href=\"http:\/\/st.nu\/kultur\/1.3333529-aldre-och-nyare-stenstadsbilder-i-ny-butik-och-galleri\" target=\"_blank\">Sundsvalls Tidning<\/a>.<\/p>\n<p>Bara n\u00e5gra detaljer f\u00f6r att det inte ska uppst\u00e5 n\u00e5gra missf\u00f6rst\u00e5nd.<\/p>\n<p>Almamia Lilla Scenen har inte upph\u00f6rt. Verksamheten forts\u00e4tter som vanligt den 1 september. Precis som Susanne skrev s\u00e5 kommer jag antingen att samsas med den verksamheten vissa dagar, eller s\u00e5 kommer jag att s\u00f6ka mig en annan lokal f\u00f6r min verksamhet.<\/p>\n<p>Sj\u00e4lvklart \u00e4r detta koncept n\u00e5got som kommer att intressera turister i stan, men jag tror att det finns ett minst lika stort intresse fr\u00e5n boende i och omkring Sundsvall. Min intention \u00e4r ocks\u00e5 att dessa vykort, tavlor, m.m,. med motiv fr\u00e5n Sundsvall, ska kunna s\u00e4ljas p\u00e5 andra st\u00e4llen i distriktet. Utbudet i butiken kommer jag \u00e4ven att presentera h\u00e4r med start p\u00e5 l\u00f6rdag.<\/p>\n<p>Och han har helt r\u00e4tt den gode \u00c5kerlund att det knappast \u00e4r min melodi att vara overksam som pension\u00e4r. Nu har jag ju visserligen ett par \u00e5r kvar till den riktiga pensions\u00e5ldern, men \u00e4ven d\u00e5 blir det nog sv\u00e5rt att f\u00e5 stopp p\u00e5 mig. Det finns ju s\u00e5 mycket kul att g\u00f6ra!<\/p>\n<p><a href=\"https:\/\/designsundsvall.se\/wp-content\/uploads\/2011\/06\/Ny-butik.jpg\"><img loading=\"lazy\" decoding=\"async\" class=\"alignnone size-full wp-image-38\" title=\"Ny butik\" src=\"https:\/\/designsundsvall.se\/wp-content\/uploads\/2011\/06\/Ny-butik.jpg\" alt=\"\" width=\"709\" height=\"486\" srcset=\"https:\/\/designsundsvall.se\/wp-content\/uploads\/2011\/06\/Ny-butik.jpg 709w, https:\/\/designsundsvall.se\/wp-content\/uploads\/2011\/06\/Ny-butik-300x205.jpg 300w\" sizes=\"auto, (max-width: 709px) 100vw, 709px\" \/><\/a><\/p>\n","protected":false},"excerpt":{"rendered":"<p>Tack Susanne Holmlund och Arne \u00c5kerlund f\u00f6r att ni uppm\u00e4rksammade en f.d. kollegas bravader. B\u00e5da de dagliga lokaltidningarna ber\u00e4ttade i dag (1 juni 2011) att jag p\u00e5 l\u00f6rdag \u00f6ppnar butiken Design Sundsvall. L\u00e4s artiklarna i Dagbladet och Sundsvalls Tidning. Bara &hellip; <a href=\"https:\/\/designsundsvall.se\/?p=36\">Forts\u00e4tt l\u00e4sa <span class=\"meta-nav\">&rarr;<\/span><\/a><\/p>\n","protected":false},"author":1,"featured_media":0,"comment_status":"open","ping_status":"open","sticky":false,"template":"","format":"standard","meta":{"footnotes":""},"categories":[3,4],"tags":[],"class_list":["post-36","post","type-post","status-publish","format-standard","hentry","category-stenstan","category-sundsvall"],"post_mailing_queue_ids":[],"_links":{"self":[{"href":"https:\/\/designsundsvall.se\/index.php?rest_route=\/wp\/v2\/posts\/36","targetHints":{"allow":["GET"]}}],"collection":[{"href":"https:\/\/designsundsvall.se\/index.php?rest_route=\/wp\/v2\/posts"}],"about":[{"href":"https:\/\/designsundsvall.se\/index.php?rest_route=\/wp\/v2\/types\/post"}],"author":[{"embeddable":true,"href":"https:\/\/designsundsvall.se\/index.php?rest_route=\/wp\/v2\/users\/1"}],"replies":[{"embeddable":true,"href":"https:\/\/designsundsvall.se\/index.php?rest_route=%2Fwp%2Fv2%2Fcomments&post=36"}],"version-history":[{"count":7,"href":"https:\/\/designsundsvall.se\/index.php?rest_route=\/wp\/v2\/posts\/36\/revisions"}],"predecessor-version":[{"id":42,"href":"https:\/\/designsundsvall.se\/index.php?rest_route=\/wp\/v2\/posts\/36\/revisions\/42"}],"wp:attachment":[{"href":"https:\/\/designsundsvall.se\/index.php?rest_route=%2Fwp%2Fv2%2Fmedia&parent=36"}],"wp:term":[{"taxonomy":"category","embeddable":true,"href":"https:\/\/designsundsvall.se\/index.php?rest_route=%2Fwp%2Fv2%2Fcategories&post=36"},{"taxonomy":"post_tag","embeddable":true,"href":"https:\/\/designsundsvall.se\/index.php?rest_route=%2Fwp%2Fv2%2Ftags&post=36"}],"curies":[{"name":"wp","href":"https:\/\/api.w.org\/{rel}","templated":true}]}}