{"id":1556,"date":"2024-04-15T08:31:39","date_gmt":"2024-04-15T08:31:39","guid":{"rendered":"http:\/\/designsundsvall.se\/?p=1556"},"modified":"2025-01-31T08:49:40","modified_gmt":"2025-01-31T08:49:40","slug":"bokrelease-sundsvall-utsikternas-stad","status":"publish","type":"post","link":"https:\/\/designsundsvall.se\/?p=1556","title":{"rendered":"Succ\u00e9: Sundsvall \u2013 Utsikternas stad"},"content":{"rendered":"\n<p>Sundsvall 400 \u00e5r firades rej\u00e4lt under Jubileumsveckan 1-7 september. D\u00e5 fanns v\u00e5rt f\u00f6rlag med strax efter Tidslinjen p\u00e5 Storgatan, med ett bokbord d\u00e4r vi s\u00e5lde ett par hundra b\u00f6cker under tv\u00e5 dagar. Dessutom delade vi klassupps\u00e4ttningar av fem b\u00f6cker som p\u00e5 olika s\u00e4tt ber\u00e4ttar om Sundsvalls historia. Det blev totalt cirka 600 b\u00f6cker.<br>Stors\u00e4ljare under Jubileumsveckan var den officiella jubileumsboken Sundsvall &#8211; Utsikternas stad och <a href=\"https:\/\/designsundsvall.se\/?page_id=580\">Den t\u00e4ndande gnistan.<\/a><br>Jubileumsboken finns hos <a href=\"https:\/\/www.vangavan.se\/2024\/02\/sundsvall-utsikternas-stad\/\">V\u00e4ng\u00e5vans bokhandel<\/a> och Kulturmagasinet i Sundsvall, samt, Akademibokhandeln i Birsta och hos n\u00e4tbokhandlarna.<br><\/p>\n\n\n\n<figure class=\"wp-block-image size-large is-resized\"><img loading=\"lazy\" decoding=\"async\" width=\"945\" height=\"638\" src=\"https:\/\/designsundsvall.se\/wp-content\/uploads\/2023\/08\/Omslag-1.jpg\" alt=\"\" class=\"wp-image-1434\" style=\"width:589px;height:397px\" srcset=\"https:\/\/designsundsvall.se\/wp-content\/uploads\/2023\/08\/Omslag-1.jpg 945w, https:\/\/designsundsvall.se\/wp-content\/uploads\/2023\/08\/Omslag-1-300x203.jpg 300w, https:\/\/designsundsvall.se\/wp-content\/uploads\/2023\/08\/Omslag-1-768x519.jpg 768w\" sizes=\"auto, (max-width: 945px) 100vw, 945px\" \/><\/figure>\n\n\n\n<p>Boken har producerats f\u00f6r att uppm\u00e4rksamma att Sundsvall fyller 400 \u00e5r 2024. Boken kommer att uppm\u00e4rksammas p\u00e5 olika s\u00e4tt under jubileums\u00e5ret, men kommer ocks\u00e5 att leva vidare med ber\u00e4ttelserna om Sundsvalls unika historia och med m\u00e5nga sp\u00e4nnande personer fr\u00e5n b\u00e5de nutid och d\u00e5tid.<\/p>\n\n\n\n<p><strong>En expos\u00e9 i text och bild<\/strong><\/p>\n\n\n\n<p>F\u00f6rfattare: Sven\u00e5ke Bostr\u00f6m, Nils Johan Tj\u00e4rnlund, Peter Arnstr\u00f6m, Bj\u00f6rn Br\u00e5nfelt, Anders \u00d6hrn, Hasse Bostr\u00f6m, Roland Engstr\u00f6m, Maria Blomster och G\u00f6ran Ledell.<\/p>\n\n\n\n<p>Antal sidor: 200<br>Boken illustreras av en m\u00e4ngd historiska bilder. M\u00e5nga aldrig tidigare publicerade i bokform. De flesta bilderna fr\u00e5n de senaste decennierna \u00e4r tagna av ett par av Sundsvalls b\u00e4sta fotografer, Anders Thorsell, som specialiserat sig p\u00e5 att dokumentera milj\u00f6er och h\u00e4ndelser i Sundsvall med omnejd och Lia Jacobi som bevakat mycket av Sundsvalls kulturliv. I \u00f6vrigt finns bilder fr\u00e5n de b\u00e5da lokaltidningarna Sundsvalls Tidning och Dagbladet, samt fr\u00e5n Sundsvalls Museum.<br>Boken \u00e4r ocks\u00e5 utsedd av kommunen som en av de officiella Jubileumsprodukterna.<\/p>\n\n\n\n<p><strong>Inneh\u00e5ll<\/strong><\/p>\n\n\n\n<p><em>H\u00f6vdingen i H\u00f6gom och livet under j\u00e4rn\u00e5ldern<\/em> (<em>Maria Blomster)<\/em><br>De st\u00e5tliga h\u00f6ggravarna i Granlo vittnar om att det som senare skulle bli Sundsvall var ett mellannorrl\u00e4ndskt maktcentrum. D\u00e5 var Sel\u00e5nger ett centrum f\u00f6r sm\u00e5kungar under \u00e5rhundradena efter Kristi f\u00f6delse. Tack vare arkeologiska utgr\u00e4vningar har vi f\u00e5tt en god inblick i det forntida Sundsvall. F\u00f6lj med p\u00e5 en tidsresa till j\u00e4rn\u00e5ldern d\u00e4r du i en dramatiserad ber\u00e4ttelse f\u00e5r m\u00f6ta n\u00e5gra av Sundsvalls f\u00f6rsta bos\u00e4ttare och den f\u00f6rn\u00e4me kung som f\u00e5tt namnet \u201dH\u00f6gomsmannen\u201d.<\/p>\n\n\n\n<p><em>Fr\u00e5n fiskel\u00e4ge till handelsmetropol (Sven\u00e5ke Bostr\u00f6m)<\/em><br>Ett kapitel om 1600-talets och 1700-talets Sundsvall. Tillkomsten av Sundsvall, motiv f\u00f6r stadsgrundandet, lokaliseringen vid \u00c5kroken, ny stadsplan och flytten \u00f6sterut, ryssh\u00e4rjningarna 1721, de viktigaste n\u00e4ringarna med fiske ute i kustbandet, tillkomsten av j\u00e4rnbruken och en begynnande handelskapitalism. Framv\u00e4xten av tr\u00e4industrin och senare annan tung industri samt utvecklingen mot tj\u00e4nstesektor och utbildning.<\/p>\n\n\n\n<p><em>Den ok\u00e4nde nyckelspelare<\/em> <em>(G\u00f6ran Ledell)<\/em><br>Ingen k\u00e4nner IT-staden Sundsvall s\u00e5 v\u00e4l som G\u00f6ran Ledell. Dessutom \u00e4r han mannen bakom den nationella IT-konferensen Sundsvall 42. Ett evenemang som verkligen satte Sundsvall p\u00e5 kartan n\u00e4r det g\u00e4ller IT-utveckling. H\u00e4r tar han oss med p\u00e5 en vandring bland ledande verksamheter d\u00e4r datoriseringen haft stor betydelse och f\u00f6retag och statliga verk som drivit IT-utvecklingen fram\u00e5t.<\/p>\n\n\n\n<p><em>Kulturens och n\u00f6jenas virvlar (Bj\u00f6rn Br\u00e5nfelt)&nbsp;&nbsp;<\/em><br>Om \u00e4ldre tiders kultur och n\u00f6jen vet vi inte s\u00e5 mycket. Men fr\u00e5n och med pressens tillkomst kan man f\u00f6lja hur musik- och teaterlivet utvecklades i Sundsvall. Teater spelades p\u00e5 olika platser, bland annat p\u00e5 Casino i hamnen och p\u00e5 Rullan. Senare kom variet\u00e9erna, revyerna och stadsfesterna.<\/p>\n\n\n\n<p><em>En sm\u00e5stad med toppidrott (Peter Arnstr\u00f6m)<\/em><br>Med utg\u00e5ngspunkt fr\u00e5n n\u00e4r GIF Sundsvall \u00f6ppnade Norrlandsf\u00f6nstret ber\u00e4ttar Peter Arnstr\u00f6m om de viktigaste sporth\u00e4ndelserna i Sundsvalls historia.<\/p>\n\n\n\n<p><em>Olympisk odyss\u00e9 med Sundsvalls\u00f6gon<\/em> (Roland Engstr\u00f6m)<br>Vilka lokala idrottsprofiler har satt avtryck p\u00e5 den internationella arenan och kommit hem med medaljer av h\u00f6gsta val\u00f6r. Rolle Engstr\u00f6m presenterar sitt urval av de viktigaste prestationerna.<\/p>\n\n\n\n<p><em>Livet p\u00e5 malmarna (Nils Johan Tj\u00e4rnlund)&nbsp;<\/em><br>Runt stadsk\u00e4rnan fanns flera stadsdelar med sin s\u00e4rpr\u00e4gel. \u201dV\u00e4st p\u00e5 stan\u201d l\u00e5g bryggerier och andra sm\u00e5industrier. \u201dNorrstranna\u201d var en stadsdel med m\u00e5nga hantverkare och sm\u00e5f\u00f6retagare. P\u00e5 Stenhammaren och vretarna d\u00e4romkring bodde arbetare. Det varnades f\u00f6r l\u00f6nnkrogar och bordeller nattetid. Dessutom fanns Stadsbacken med m\u00e5nga av societetens pampiga villor samt n\u00f6jesetablissemanget Tivoli.<\/p>\n\n\n\n<p><em>Br\u00e4nderna som skapade en unik stadsk\u00e4rna (Sven\u00e5ke Bostr\u00f6m)<\/em><br>Stadsbranden 1803 var en omfattande katastrof som ocks\u00e5 utpl\u00e5nade stora delar av 1700-talets Sundsvall. Effekten var att staden d\u00e4refter blev v\u00e4l f\u00f6rs\u00e4krad, n\u00e5got som gjorde att ett nytt Sundsvall kunde resa sig ur askan efter n\u00e4sta storbrand, 1888. D\u00e4rav fick Sundsvall en unik stadsk\u00e4rna med en m\u00e5ngfasetterad arkitektur.<\/p>\n\n\n\n<p><em>Den nya staden (Sven\u00e5ke Bostr\u00f6m)<\/em><br>Efter branden 1888 tar ett nytt Sundsvall form. Redan f\u00f6re branden fanns tecken p\u00e5 att staden hade b\u00f6rjat \u00f6msa skinn med tillkomsten av st\u00e5tliga stenhus, men nu byggdes hela centrum upp i sten med palatslika hus. Inom loppet av n\u00e5gra f\u00e5 \u00e5r fanns den nya Stenstaden som blev Sveriges modernaste stadsk\u00e4rna. Vi tittar ocks\u00e5 p\u00e5 vad som h\u00e4nde under 1900 och 2000-talen.<\/p>\n\n\n\n<p><em>Mediemetropolen (Sven\u00e5ke Bostr\u00f6m)&nbsp;<\/em><br>Sundsvall har en speciell st\u00e4llning i mediesverige. Allt fr\u00e5n en av de \u00e4ldsta dagstidningarna som \u00e4nnu ges ut, till en journalistutbildning som fostrat m\u00e5nga av dagens verksamma journalister. I slutet av 1800-talet var Sundsvall en av de press-t\u00e4taste st\u00e4derna i landet, tidningar som var snabba med att testa ny teknik.<br>P\u00e5 1920-talet fick Sundsvall en av de f\u00f6rsta radiostationerna och p\u00e5 1950-talet en av de f\u00f6rsta tv-stationerna, sedan kom kabel-tv och nyheterna p\u00e5 n\u00e4tet.<\/p>\n\n\n\n<p><em>M\u00e4nniskorna i staden (Anders \u00d6hrn)&nbsp;<\/em><br>Stadens historia kan inte skrivas utan m\u00e4nniskorna, de Sundsvallsbor som i olika tider har format utvecklingen och skapat stadens liv p\u00e5 gator och torg. H\u00e4r finns det tunga n\u00e4ringslivets profiler, politiker och kulturpersonligheter, men ocks\u00e5 k\u00e4llarm\u00e4stare, torgmadammer, arbetare och n\u00e5gra av stadens original.<em>&nbsp;&nbsp;&nbsp;&nbsp;&nbsp;&nbsp;&nbsp;&nbsp;&nbsp;&nbsp;&nbsp;&nbsp;&nbsp;&nbsp;&nbsp;&nbsp;&nbsp;&nbsp;&nbsp;&nbsp;&nbsp;&nbsp;&nbsp;&nbsp;&nbsp;&nbsp;&nbsp;&nbsp;&nbsp;&nbsp;&nbsp;&nbsp;&nbsp;&nbsp;&nbsp;&nbsp;&nbsp;&nbsp;&nbsp;&nbsp;&nbsp;&nbsp;&nbsp;&nbsp;&nbsp;&nbsp;&nbsp;&nbsp;&nbsp;&nbsp;&nbsp;&nbsp;&nbsp;&nbsp;&nbsp;&nbsp;&nbsp;&nbsp;&nbsp;&nbsp;&nbsp;&nbsp;&nbsp;&nbsp;&nbsp;&nbsp;&nbsp;&nbsp;&nbsp;&nbsp;&nbsp;&nbsp;&nbsp;&nbsp;&nbsp;&nbsp;&nbsp;&nbsp;&nbsp;&nbsp;&nbsp;&nbsp;&nbsp;&nbsp;&nbsp;&nbsp;&nbsp;&nbsp;&nbsp;&nbsp;&nbsp;&nbsp;&nbsp;&nbsp;&nbsp;&nbsp;&nbsp;&nbsp;&nbsp;&nbsp;&nbsp;&nbsp;&nbsp;&nbsp;&nbsp;&nbsp;&nbsp;&nbsp;&nbsp;&nbsp;&nbsp;&nbsp;&nbsp;&nbsp;&nbsp;&nbsp;&nbsp;&nbsp;&nbsp;&nbsp;&nbsp;&nbsp;&nbsp;&nbsp;&nbsp;&nbsp;&nbsp;&nbsp;&nbsp;&nbsp;&nbsp;&nbsp;&nbsp;&nbsp;&nbsp;&nbsp;&nbsp;&nbsp;&nbsp;&nbsp;&nbsp;&nbsp;&nbsp;&nbsp;&nbsp;&nbsp;&nbsp;&nbsp;&nbsp;&nbsp;&nbsp;&nbsp;&nbsp;&nbsp;&nbsp;&nbsp;&nbsp;&nbsp;&nbsp;&nbsp;&nbsp;&nbsp;&nbsp;&nbsp;&nbsp;&nbsp;&nbsp;&nbsp;&nbsp;&nbsp;&nbsp;&nbsp;&nbsp;&nbsp;&nbsp;&nbsp;&nbsp;&nbsp;&nbsp;&nbsp;&nbsp;&nbsp;&nbsp;&nbsp;&nbsp;&nbsp;&nbsp;&nbsp;&nbsp;&nbsp;&nbsp;&nbsp;&nbsp;&nbsp;&nbsp;&nbsp;&nbsp;&nbsp;&nbsp;&nbsp;&nbsp;&nbsp;&nbsp;&nbsp;&nbsp;&nbsp;&nbsp;&nbsp;&nbsp;&nbsp;&nbsp;&nbsp;&nbsp;&nbsp;&nbsp;&nbsp;&nbsp;&nbsp;&nbsp;&nbsp;&nbsp;&nbsp;&nbsp;&nbsp;&nbsp;&nbsp;&nbsp;&nbsp;&nbsp;&nbsp;&nbsp;&nbsp;&nbsp;<\/em><\/p>\n","protected":false},"excerpt":{"rendered":"<p>Sundsvall 400 \u00e5r firades rej\u00e4lt under Jubileumsveckan 1-7 september. D\u00e5 fanns v\u00e5rt f\u00f6rlag med strax efter Tidslinjen p\u00e5 Storgatan, med ett bokbord d\u00e4r vi s\u00e5lde ett par hundra b\u00f6cker under tv\u00e5 dagar. Dessutom delade vi klassupps\u00e4ttningar av fem b\u00f6cker som &hellip; <a href=\"https:\/\/designsundsvall.se\/?p=1556\">Forts\u00e4tt l\u00e4sa <span class=\"meta-nav\">&rarr;<\/span><\/a><\/p>\n","protected":false},"author":1,"featured_media":0,"comment_status":"open","ping_status":"open","sticky":false,"template":"","format":"standard","meta":{"footnotes":""},"categories":[1],"tags":[],"class_list":["post-1556","post","type-post","status-publish","format-standard","hentry","category-uncategorized"],"post_mailing_queue_ids":[],"_links":{"self":[{"href":"https:\/\/designsundsvall.se\/index.php?rest_route=\/wp\/v2\/posts\/1556","targetHints":{"allow":["GET"]}}],"collection":[{"href":"https:\/\/designsundsvall.se\/index.php?rest_route=\/wp\/v2\/posts"}],"about":[{"href":"https:\/\/designsundsvall.se\/index.php?rest_route=\/wp\/v2\/types\/post"}],"author":[{"embeddable":true,"href":"https:\/\/designsundsvall.se\/index.php?rest_route=\/wp\/v2\/users\/1"}],"replies":[{"embeddable":true,"href":"https:\/\/designsundsvall.se\/index.php?rest_route=%2Fwp%2Fv2%2Fcomments&post=1556"}],"version-history":[{"count":5,"href":"https:\/\/designsundsvall.se\/index.php?rest_route=\/wp\/v2\/posts\/1556\/revisions"}],"predecessor-version":[{"id":1570,"href":"https:\/\/designsundsvall.se\/index.php?rest_route=\/wp\/v2\/posts\/1556\/revisions\/1570"}],"wp:attachment":[{"href":"https:\/\/designsundsvall.se\/index.php?rest_route=%2Fwp%2Fv2%2Fmedia&parent=1556"}],"wp:term":[{"taxonomy":"category","embeddable":true,"href":"https:\/\/designsundsvall.se\/index.php?rest_route=%2Fwp%2Fv2%2Fcategories&post=1556"},{"taxonomy":"post_tag","embeddable":true,"href":"https:\/\/designsundsvall.se\/index.php?rest_route=%2Fwp%2Fv2%2Ftags&post=1556"}],"curies":[{"name":"wp","href":"https:\/\/api.w.org\/{rel}","templated":true}]}}