{"id":1545,"date":"2024-01-16T21:49:31","date_gmt":"2024-01-16T21:49:31","guid":{"rendered":"http:\/\/designsundsvall.se\/?p=1545"},"modified":"2024-01-16T21:49:31","modified_gmt":"2024-01-16T21:49:31","slug":"stort-intresse-for-jubileumsboken","status":"publish","type":"post","link":"https:\/\/designsundsvall.se\/?p=1545","title":{"rendered":"Stort intresse f\u00f6r Jubileumsboken"},"content":{"rendered":"\n<p>Allt eftersom arbetet med boken inf\u00f6r Sundsvalls 400\u00e5rs-jubileum rullar vidare v\u00e4xer intresset f\u00f6r boken. Flera f\u00f6retag och organisationer finns med som sponsorer och boken kommer att uppm\u00e4rksammas p\u00e5 olika s\u00e4tt under \u00e5ret.<br>Om ditt f\u00f6retag eller f\u00f6rening vill vara med och synas som sponsor i boken, och d\u00e4rmed f\u00e5 ett antal gratisexemplar av boken, s\u00e5 kontakta undertecknad s\u00e5 snabbt som m\u00f6jligt.<\/p>\n\n\n\n<p>Sven\u00e5ke Bostr\u00f6m, redakt\u00f6r <a href=\"mailto:svenake.bostrom@gmail.com\">svenake.bostrom@gmail.com<\/a><\/p>\n\n\n\n<figure class=\"wp-block-image size-large is-resized\"><img loading=\"lazy\" decoding=\"async\" src=\"https:\/\/designsundsvall.se\/wp-content\/uploads\/2024\/01\/Omslag-Utsikternas-stad-725x1024.jpg\" alt=\"\" class=\"wp-image-1546\" width=\"388\" height=\"548\" srcset=\"https:\/\/designsundsvall.se\/wp-content\/uploads\/2024\/01\/Omslag-Utsikternas-stad-725x1024.jpg 725w, https:\/\/designsundsvall.se\/wp-content\/uploads\/2024\/01\/Omslag-Utsikternas-stad-212x300.jpg 212w, https:\/\/designsundsvall.se\/wp-content\/uploads\/2024\/01\/Omslag-Utsikternas-stad-768x1085.jpg 768w, https:\/\/designsundsvall.se\/wp-content\/uploads\/2024\/01\/Omslag-Utsikternas-stad-1087x1536.jpg 1087w, https:\/\/designsundsvall.se\/wp-content\/uploads\/2024\/01\/Omslag-Utsikternas-stad-1450x2048.jpg 1450w, https:\/\/designsundsvall.se\/wp-content\/uploads\/2024\/01\/Omslag-Utsikternas-stad.jpg 1656w\" sizes=\"auto, (max-width: 388px) 100vw, 388px\" \/><figcaption>Vi hade en annan arbetstitel tidigare, men nu \u00e4r titeln p\u00e5 boken best\u00e4md, Det blir <strong>Sundsvall, Utsikternas stad<\/strong>.<\/figcaption><\/figure>\n","protected":false},"excerpt":{"rendered":"<p>Allt eftersom arbetet med boken inf\u00f6r Sundsvalls 400\u00e5rs-jubileum rullar vidare v\u00e4xer intresset f\u00f6r boken. Flera f\u00f6retag och organisationer finns med som sponsorer och boken kommer att uppm\u00e4rksammas p\u00e5 olika s\u00e4tt under \u00e5ret.Om ditt f\u00f6retag eller f\u00f6rening vill vara med och &hellip; <a href=\"https:\/\/designsundsvall.se\/?p=1545\">Forts\u00e4tt l\u00e4sa <span class=\"meta-nav\">&rarr;<\/span><\/a><\/p>\n","protected":false},"author":1,"featured_media":0,"comment_status":"open","ping_status":"open","sticky":false,"template":"","format":"standard","meta":{"footnotes":""},"categories":[1],"tags":[],"class_list":["post-1545","post","type-post","status-publish","format-standard","hentry","category-uncategorized"],"post_mailing_queue_ids":[],"_links":{"self":[{"href":"https:\/\/designsundsvall.se\/index.php?rest_route=\/wp\/v2\/posts\/1545","targetHints":{"allow":["GET"]}}],"collection":[{"href":"https:\/\/designsundsvall.se\/index.php?rest_route=\/wp\/v2\/posts"}],"about":[{"href":"https:\/\/designsundsvall.se\/index.php?rest_route=\/wp\/v2\/types\/post"}],"author":[{"embeddable":true,"href":"https:\/\/designsundsvall.se\/index.php?rest_route=\/wp\/v2\/users\/1"}],"replies":[{"embeddable":true,"href":"https:\/\/designsundsvall.se\/index.php?rest_route=%2Fwp%2Fv2%2Fcomments&post=1545"}],"version-history":[{"count":1,"href":"https:\/\/designsundsvall.se\/index.php?rest_route=\/wp\/v2\/posts\/1545\/revisions"}],"predecessor-version":[{"id":1547,"href":"https:\/\/designsundsvall.se\/index.php?rest_route=\/wp\/v2\/posts\/1545\/revisions\/1547"}],"wp:attachment":[{"href":"https:\/\/designsundsvall.se\/index.php?rest_route=%2Fwp%2Fv2%2Fmedia&parent=1545"}],"wp:term":[{"taxonomy":"category","embeddable":true,"href":"https:\/\/designsundsvall.se\/index.php?rest_route=%2Fwp%2Fv2%2Fcategories&post=1545"},{"taxonomy":"post_tag","embeddable":true,"href":"https:\/\/designsundsvall.se\/index.php?rest_route=%2Fwp%2Fv2%2Ftags&post=1545"}],"curies":[{"name":"wp","href":"https:\/\/api.w.org\/{rel}","templated":true}]}}