{"id":1394,"date":"2022-10-28T18:15:29","date_gmt":"2022-10-28T18:15:29","guid":{"rendered":"http:\/\/designsundsvall.se\/?p=1394"},"modified":"2022-10-28T18:15:29","modified_gmt":"2022-10-28T18:15:29","slug":"forsta-laroboken-pa-cayenne-forlag","status":"publish","type":"post","link":"https:\/\/designsundsvall.se\/?p=1394","title":{"rendered":"F\u00f6rsta l\u00e4roboken p\u00e5 Cayenne f\u00f6rlag"},"content":{"rendered":"\n<p>Nu har den g\u00e5tt till tryck, den f\u00f6rsta l\u00e4roboken som ges ut i samarbete med Cayenne f\u00f6rlag. F\u00f6r mig \u00e4r det ocks\u00e5 f\u00f6rsta l\u00e4roboken jag formger. Detta i t\u00e4tt samarbete med f\u00f6rfattaren, Anna Larsson, l\u00e4rare i samh\u00e4llskunskap, historia och kriminologi p\u00e5  Samh\u00e4llsvetenskapsprogrammet Hedbergska skolan, Sundsvalls gymnasium.<\/p>\n\n\n\n<div class=\"wp-block-image\"><figure class=\"alignright size-large is-resized\"><img loading=\"lazy\" decoding=\"async\" src=\"https:\/\/designsundsvall.se\/wp-content\/uploads\/2022\/10\/Omslag-Kriminologi-1-100-dpi.jpg\" alt=\"\" class=\"wp-image-1395\" width=\"330\" height=\"457\" srcset=\"https:\/\/designsundsvall.se\/wp-content\/uploads\/2022\/10\/Omslag-Kriminologi-1-100-dpi.jpg 643w, https:\/\/designsundsvall.se\/wp-content\/uploads\/2022\/10\/Omslag-Kriminologi-1-100-dpi-217x300.jpg 217w\" sizes=\"auto, (max-width: 330px) 100vw, 330px\" \/><\/figure><\/div>\n\n\n\n<p><em>Kriminologi \u2013 L\u00e4ran om brott och brottslighet <\/em>\u00e4r ett l\u00e4romedel i f\u00f6rsta hand t\u00e4nkt f\u00f6r gymnasiet. I serien ing\u00e5r \u00e4ven boken <em>Kriminologi \u2013 Tematiska f\u00f6rdjupningar <\/em>som har samma struktur men riktar sig i f\u00f6rsta hand till elever som har grundl\u00e4ggande kunskaper i kriminologi som disciplin. Den ska jag ta mig an de n\u00e4rmaste veckorna.<br>Vid sidan av sitt arbete som gymnasiel\u00e4rare f\u00f6rfattar Anna \u00e4ven l\u00e4romedel. Hon har tidigare gett ut en forskningsrapport f\u00f6r Ungdomsstyrelsen samt varit medf\u00f6rfattare till en bok utgiven av Demokratiinstitutet i Sundsvall.<\/p>\n\n\n\n<p><\/p>\n","protected":false},"excerpt":{"rendered":"<p>Nu har den g\u00e5tt till tryck, den f\u00f6rsta l\u00e4roboken som ges ut i samarbete med Cayenne f\u00f6rlag. F\u00f6r mig \u00e4r det ocks\u00e5 f\u00f6rsta l\u00e4roboken jag formger. Detta i t\u00e4tt samarbete med f\u00f6rfattaren, Anna Larsson, l\u00e4rare i samh\u00e4llskunskap, historia och kriminologi &hellip; <a href=\"https:\/\/designsundsvall.se\/?p=1394\">Forts\u00e4tt l\u00e4sa <span class=\"meta-nav\">&rarr;<\/span><\/a><\/p>\n","protected":false},"author":1,"featured_media":0,"comment_status":"open","ping_status":"open","sticky":false,"template":"","format":"standard","meta":{"footnotes":""},"categories":[1],"tags":[],"class_list":["post-1394","post","type-post","status-publish","format-standard","hentry","category-uncategorized"],"post_mailing_queue_ids":[],"_links":{"self":[{"href":"https:\/\/designsundsvall.se\/index.php?rest_route=\/wp\/v2\/posts\/1394","targetHints":{"allow":["GET"]}}],"collection":[{"href":"https:\/\/designsundsvall.se\/index.php?rest_route=\/wp\/v2\/posts"}],"about":[{"href":"https:\/\/designsundsvall.se\/index.php?rest_route=\/wp\/v2\/types\/post"}],"author":[{"embeddable":true,"href":"https:\/\/designsundsvall.se\/index.php?rest_route=\/wp\/v2\/users\/1"}],"replies":[{"embeddable":true,"href":"https:\/\/designsundsvall.se\/index.php?rest_route=%2Fwp%2Fv2%2Fcomments&post=1394"}],"version-history":[{"count":1,"href":"https:\/\/designsundsvall.se\/index.php?rest_route=\/wp\/v2\/posts\/1394\/revisions"}],"predecessor-version":[{"id":1396,"href":"https:\/\/designsundsvall.se\/index.php?rest_route=\/wp\/v2\/posts\/1394\/revisions\/1396"}],"wp:attachment":[{"href":"https:\/\/designsundsvall.se\/index.php?rest_route=%2Fwp%2Fv2%2Fmedia&parent=1394"}],"wp:term":[{"taxonomy":"category","embeddable":true,"href":"https:\/\/designsundsvall.se\/index.php?rest_route=%2Fwp%2Fv2%2Fcategories&post=1394"},{"taxonomy":"post_tag","embeddable":true,"href":"https:\/\/designsundsvall.se\/index.php?rest_route=%2Fwp%2Fv2%2Ftags&post=1394"}],"curies":[{"name":"wp","href":"https:\/\/api.w.org\/{rel}","templated":true}]}}