{"id":1278,"date":"2021-03-08T17:32:20","date_gmt":"2021-03-08T17:32:20","guid":{"rendered":"http:\/\/designsundsvall.se\/?p=1278"},"modified":"2021-03-08T17:32:20","modified_gmt":"2021-03-08T17:32:20","slug":"var-senaste-forfattare-berattade-i-tv-om-sin-bok","status":"publish","type":"post","link":"https:\/\/designsundsvall.se\/?p=1278","title":{"rendered":"V\u00e5r senaste f\u00f6rfattare ber\u00e4ttade i TV om sin bok"},"content":{"rendered":"\n<p class=\"wp-block-paragraph\">Aldrig tidigare har en bok fr\u00e5n mitt f\u00f6rlag f\u00e5tt s\u00e5 stor uppm\u00e4rksamhet. Den kommer nog att sl\u00e5 den senaste stors\u00e4ljaren, boken om Hj\u00f6rdis Schymberg, s\u00e5gverksj\u00e4ntan som blev hovs\u00e5ngerska.Intervjun med Bj\u00f6rn kommer 35 min in i programmet:<\/p>\n\n\n\n<p class=\"wp-block-paragraph\"><a href=\"https:\/\/www.tv4play.se\/program\/malou-efter-tio\/del-21-s%C3%A4song-31\/13295433\">https:\/\/www.tv4play.se\/program\/malou-efter-tio\/del-21-s%C3%A4song-31\/13295433<\/a><\/p>\n\n\n\n<figure class=\"wp-block-image size-large is-resized\"><img loading=\"lazy\" decoding=\"async\" src=\"https:\/\/designsundsvall.se\/wp-content\/uploads\/2021\/03\/TV4-2-100-dpi.jpg\" alt=\"\" class=\"wp-image-1279\" width=\"656\" height=\"441\" srcset=\"https:\/\/designsundsvall.se\/wp-content\/uploads\/2021\/03\/TV4-2-100-dpi.jpg 984w, https:\/\/designsundsvall.se\/wp-content\/uploads\/2021\/03\/TV4-2-100-dpi-300x202.jpg 300w, https:\/\/designsundsvall.se\/wp-content\/uploads\/2021\/03\/TV4-2-100-dpi-768x517.jpg 768w\" sizes=\"auto, (max-width: 656px) 100vw, 656px\" \/><\/figure>\n\n\n\n<figure class=\"wp-block-image size-large\"><img loading=\"lazy\" decoding=\"async\" width=\"945\" height=\"656\" src=\"https:\/\/designsundsvall.se\/wp-content\/uploads\/2021\/03\/TV4-1-100-dpi.jpg\" alt=\"\" class=\"wp-image-1280\" srcset=\"https:\/\/designsundsvall.se\/wp-content\/uploads\/2021\/03\/TV4-1-100-dpi.jpg 945w, https:\/\/designsundsvall.se\/wp-content\/uploads\/2021\/03\/TV4-1-100-dpi-300x208.jpg 300w, https:\/\/designsundsvall.se\/wp-content\/uploads\/2021\/03\/TV4-1-100-dpi-768x533.jpg 768w\" sizes=\"auto, (max-width: 945px) 100vw, 945px\" \/><\/figure>\n","protected":false},"excerpt":{"rendered":"<p>Aldrig tidigare har en bok fr\u00e5n mitt f\u00f6rlag f\u00e5tt s\u00e5 stor uppm\u00e4rksamhet. Den kommer nog att sl\u00e5 den senaste stors\u00e4ljaren, boken om Hj\u00f6rdis Schymberg, s\u00e5gverksj\u00e4ntan som blev hovs\u00e5ngerska.Intervjun med Bj\u00f6rn kommer 35 min in i programmet: https:\/\/www.tv4play.se\/program\/malou-efter-tio\/del-21-s%C3%A4song-31\/13295433<\/p>\n","protected":false},"author":1,"featured_media":0,"comment_status":"open","ping_status":"open","sticky":false,"template":"","format":"standard","meta":{"footnotes":""},"categories":[1],"tags":[],"class_list":["post-1278","post","type-post","status-publish","format-standard","hentry","category-uncategorized"],"post_mailing_queue_ids":[],"_links":{"self":[{"href":"https:\/\/designsundsvall.se\/index.php?rest_route=\/wp\/v2\/posts\/1278","targetHints":{"allow":["GET"]}}],"collection":[{"href":"https:\/\/designsundsvall.se\/index.php?rest_route=\/wp\/v2\/posts"}],"about":[{"href":"https:\/\/designsundsvall.se\/index.php?rest_route=\/wp\/v2\/types\/post"}],"author":[{"embeddable":true,"href":"https:\/\/designsundsvall.se\/index.php?rest_route=\/wp\/v2\/users\/1"}],"replies":[{"embeddable":true,"href":"https:\/\/designsundsvall.se\/index.php?rest_route=%2Fwp%2Fv2%2Fcomments&post=1278"}],"version-history":[{"count":1,"href":"https:\/\/designsundsvall.se\/index.php?rest_route=\/wp\/v2\/posts\/1278\/revisions"}],"predecessor-version":[{"id":1281,"href":"https:\/\/designsundsvall.se\/index.php?rest_route=\/wp\/v2\/posts\/1278\/revisions\/1281"}],"wp:attachment":[{"href":"https:\/\/designsundsvall.se\/index.php?rest_route=%2Fwp%2Fv2%2Fmedia&parent=1278"}],"wp:term":[{"taxonomy":"category","embeddable":true,"href":"https:\/\/designsundsvall.se\/index.php?rest_route=%2Fwp%2Fv2%2Fcategories&post=1278"},{"taxonomy":"post_tag","embeddable":true,"href":"https:\/\/designsundsvall.se\/index.php?rest_route=%2Fwp%2Fv2%2Ftags&post=1278"}],"curies":[{"name":"wp","href":"https:\/\/api.w.org\/{rel}","templated":true}]}}