{"id":1275,"date":"2021-03-08T17:26:43","date_gmt":"2021-03-08T17:26:43","guid":{"rendered":"http:\/\/designsundsvall.se\/?p=1275"},"modified":"2021-03-08T17:26:43","modified_gmt":"2021-03-08T17:26:43","slug":"nya-agare-av-design-sundsvall-och-cayenne-forlag","status":"publish","type":"post","link":"https:\/\/designsundsvall.se\/?p=1275","title":{"rendered":"Nya \u00e4gare av Design Sundsvall och Cayenne f\u00f6rlag"},"content":{"rendered":"\n<p>Petter \u00d6sterlund, tidigare museeintendent och Tomas Melander, tidigare teaterchef, tar \u00f6ver de b\u00e5da f\u00f6rlagen.<br>&#8221;Petter \u00d6sterlund och Tomas Melander tar \u00f6ver f\u00f6rlaget Design Sundsvall efter Sven\u00e5ke Bostr\u00f6m. F\u00f6rlaget, som mest \u00e4gnats \u00e5t litteratur med koppling till Sundsvall, ska forts\u00e4tta med det &#8211; men ocks\u00e5 breddas. Och fram\u00f6ver g\u00e5 under namnet Cayenne.&#8221; Det skriver Sundsvalls Tidning, oh det st\u00e4mmer. Under v\u00e5ren kommer jag att l\u00e4mna \u00f6ver verksamheten.<br><strong><em>Sven\u00e5ke Bostr\u00f6m<\/em><\/strong><\/p>\n\n\n\n<p>L\u00e4s mer i Sundsvalls Tidning:<\/p>\n\n\n\n<p><a href=\"https:\/\/www.st.nu\/artikel\/petter-och-tomas-tar-over-sundsvallsforlaget-design-sundsvall-verkshojden-blir-viktig-for-oss?\"><strong>https:\/\/www.st.nu\/artikel\/petter-och-tomas-tar-over-sundsvallsforlaget-design-sundsvall-verkshojden-blir-viktig-for-oss?<\/strong><\/a><\/p>\n\n\n\n<figure class=\"wp-block-image size-large\"><img loading=\"lazy\" decoding=\"async\" width=\"1024\" height=\"548\" src=\"https:\/\/designsundsvall.se\/wp-content\/uploads\/2021\/03\/Ska\u0308rmavbild-2021-03-03-kl.-20.59.19-1024x548.png\" alt=\"\" class=\"wp-image-1276\" srcset=\"https:\/\/designsundsvall.se\/wp-content\/uploads\/2021\/03\/Ska\u0308rmavbild-2021-03-03-kl.-20.59.19-1024x548.png 1024w, https:\/\/designsundsvall.se\/wp-content\/uploads\/2021\/03\/Ska\u0308rmavbild-2021-03-03-kl.-20.59.19-300x161.png 300w, https:\/\/designsundsvall.se\/wp-content\/uploads\/2021\/03\/Ska\u0308rmavbild-2021-03-03-kl.-20.59.19-768x411.png 768w, https:\/\/designsundsvall.se\/wp-content\/uploads\/2021\/03\/Ska\u0308rmavbild-2021-03-03-kl.-20.59.19.png 1196w\" sizes=\"auto, (max-width: 1024px) 100vw, 1024px\" \/><figcaption>Petter \u00d6sterlund och Tomas Melander<\/figcaption><\/figure>\n","protected":false},"excerpt":{"rendered":"<p>Petter \u00d6sterlund, tidigare museeintendent och Tomas Melander, tidigare teaterchef, tar \u00f6ver de b\u00e5da f\u00f6rlagen.&#8221;Petter \u00d6sterlund och Tomas Melander tar \u00f6ver f\u00f6rlaget Design Sundsvall efter Sven\u00e5ke Bostr\u00f6m. F\u00f6rlaget, som mest \u00e4gnats \u00e5t litteratur med koppling till Sundsvall, ska forts\u00e4tta med det &hellip; <a href=\"https:\/\/designsundsvall.se\/?p=1275\">Forts\u00e4tt l\u00e4sa <span class=\"meta-nav\">&rarr;<\/span><\/a><\/p>\n","protected":false},"author":1,"featured_media":0,"comment_status":"open","ping_status":"open","sticky":false,"template":"","format":"standard","meta":{"footnotes":""},"categories":[1],"tags":[],"class_list":["post-1275","post","type-post","status-publish","format-standard","hentry","category-uncategorized"],"post_mailing_queue_ids":[],"_links":{"self":[{"href":"https:\/\/designsundsvall.se\/index.php?rest_route=\/wp\/v2\/posts\/1275","targetHints":{"allow":["GET"]}}],"collection":[{"href":"https:\/\/designsundsvall.se\/index.php?rest_route=\/wp\/v2\/posts"}],"about":[{"href":"https:\/\/designsundsvall.se\/index.php?rest_route=\/wp\/v2\/types\/post"}],"author":[{"embeddable":true,"href":"https:\/\/designsundsvall.se\/index.php?rest_route=\/wp\/v2\/users\/1"}],"replies":[{"embeddable":true,"href":"https:\/\/designsundsvall.se\/index.php?rest_route=%2Fwp%2Fv2%2Fcomments&post=1275"}],"version-history":[{"count":1,"href":"https:\/\/designsundsvall.se\/index.php?rest_route=\/wp\/v2\/posts\/1275\/revisions"}],"predecessor-version":[{"id":1277,"href":"https:\/\/designsundsvall.se\/index.php?rest_route=\/wp\/v2\/posts\/1275\/revisions\/1277"}],"wp:attachment":[{"href":"https:\/\/designsundsvall.se\/index.php?rest_route=%2Fwp%2Fv2%2Fmedia&parent=1275"}],"wp:term":[{"taxonomy":"category","embeddable":true,"href":"https:\/\/designsundsvall.se\/index.php?rest_route=%2Fwp%2Fv2%2Fcategories&post=1275"},{"taxonomy":"post_tag","embeddable":true,"href":"https:\/\/designsundsvall.se\/index.php?rest_route=%2Fwp%2Fv2%2Ftags&post=1275"}],"curies":[{"name":"wp","href":"https:\/\/api.w.org\/{rel}","templated":true}]}}