{"id":1198,"date":"2020-08-23T11:48:22","date_gmt":"2020-08-23T11:48:22","guid":{"rendered":"http:\/\/designsundsvall.se\/?p=1198"},"modified":"2020-08-23T11:48:22","modified_gmt":"2020-08-23T11:48:22","slug":"tva-bokreleaser-for-biografin-om-hjordis-schymberg","status":"publish","type":"post","link":"https:\/\/designsundsvall.se\/?p=1198","title":{"rendered":"Tv\u00e5 bokreleaser f\u00f6r biografin om Hj\u00f6rdis Schymberg"},"content":{"rendered":"\n<p>Det blev en lyckad bokrelease f\u00f6r biografin om Hj\u00f6rdis Schymberg p\u00e5 Grand Hotel i l\u00f6rdag 22 augusti, arrangerad av Schymbergs\u00e4llskapet. Tv\u00e5 fullsatta sittningar och en utm\u00e4rkt presentation av f\u00f6rfattaren Jan Hammarlund.<\/p>\n\n\n\n<p>N\u00e4sta release \u00e4r 5 september kl 15.00 i  Spegelsalen, Stadshuset, Sundsvall. Skicka din anm\u00e4lan till <a href=\"mailto:info@designsundsvall.se\">info@designsundsvall.se<\/a><\/p>\n\n\n\n<figure class=\"wp-block-image size-large\"><img loading=\"lazy\" decoding=\"async\" width=\"1024\" height=\"768\" src=\"https:\/\/designsundsvall.se\/wp-content\/uploads\/2020\/08\/Bokrelaese-1-1024x768.jpg\" alt=\"\" class=\"wp-image-1199\" srcset=\"https:\/\/designsundsvall.se\/wp-content\/uploads\/2020\/08\/Bokrelaese-1-1024x768.jpg 1024w, https:\/\/designsundsvall.se\/wp-content\/uploads\/2020\/08\/Bokrelaese-1-300x225.jpg 300w, https:\/\/designsundsvall.se\/wp-content\/uploads\/2020\/08\/Bokrelaese-1-768x576.jpg 768w, https:\/\/designsundsvall.se\/wp-content\/uploads\/2020\/08\/Bokrelaese-1-1536x1152.jpg 1536w, https:\/\/designsundsvall.se\/wp-content\/uploads\/2020\/08\/Bokrelaese-1.jpg 2048w\" sizes=\"auto, (max-width: 1024px) 100vw, 1024px\" \/><figcaption>Jag assisterar f\u00f6rfattaren Jan Hammarlund vid boksigneringen efter hans mycket uppskattade f\u00f6rel\u00e4sning.<\/figcaption><\/figure>\n\n\n\n<p><\/p>\n","protected":false},"excerpt":{"rendered":"<p>Det blev en lyckad bokrelease f\u00f6r biografin om Hj\u00f6rdis Schymberg p\u00e5 Grand Hotel i l\u00f6rdag 22 augusti, arrangerad av Schymbergs\u00e4llskapet. Tv\u00e5 fullsatta sittningar och en utm\u00e4rkt presentation av f\u00f6rfattaren Jan Hammarlund. N\u00e4sta release \u00e4r 5 september kl 15.00 i Spegelsalen, &hellip; <a href=\"https:\/\/designsundsvall.se\/?p=1198\">Forts\u00e4tt l\u00e4sa <span class=\"meta-nav\">&rarr;<\/span><\/a><\/p>\n","protected":false},"author":1,"featured_media":0,"comment_status":"open","ping_status":"open","sticky":false,"template":"","format":"standard","meta":{"footnotes":""},"categories":[1],"tags":[],"class_list":["post-1198","post","type-post","status-publish","format-standard","hentry","category-uncategorized"],"post_mailing_queue_ids":[],"_links":{"self":[{"href":"https:\/\/designsundsvall.se\/index.php?rest_route=\/wp\/v2\/posts\/1198","targetHints":{"allow":["GET"]}}],"collection":[{"href":"https:\/\/designsundsvall.se\/index.php?rest_route=\/wp\/v2\/posts"}],"about":[{"href":"https:\/\/designsundsvall.se\/index.php?rest_route=\/wp\/v2\/types\/post"}],"author":[{"embeddable":true,"href":"https:\/\/designsundsvall.se\/index.php?rest_route=\/wp\/v2\/users\/1"}],"replies":[{"embeddable":true,"href":"https:\/\/designsundsvall.se\/index.php?rest_route=%2Fwp%2Fv2%2Fcomments&post=1198"}],"version-history":[{"count":2,"href":"https:\/\/designsundsvall.se\/index.php?rest_route=\/wp\/v2\/posts\/1198\/revisions"}],"predecessor-version":[{"id":1201,"href":"https:\/\/designsundsvall.se\/index.php?rest_route=\/wp\/v2\/posts\/1198\/revisions\/1201"}],"wp:attachment":[{"href":"https:\/\/designsundsvall.se\/index.php?rest_route=%2Fwp%2Fv2%2Fmedia&parent=1198"}],"wp:term":[{"taxonomy":"category","embeddable":true,"href":"https:\/\/designsundsvall.se\/index.php?rest_route=%2Fwp%2Fv2%2Fcategories&post=1198"},{"taxonomy":"post_tag","embeddable":true,"href":"https:\/\/designsundsvall.se\/index.php?rest_route=%2Fwp%2Fv2%2Ftags&post=1198"}],"curies":[{"name":"wp","href":"https:\/\/api.w.org\/{rel}","templated":true}]}}