{"id":1103,"date":"2019-06-15T23:17:53","date_gmt":"2019-06-15T23:17:53","guid":{"rendered":"http:\/\/designsundsvall.se\/?p=1103"},"modified":"2019-06-15T23:17:53","modified_gmt":"2019-06-15T23:17:53","slug":"bra-med-folk-pa-de-tva-bokreleaserna-for-borje-alstroms-bok","status":"publish","type":"post","link":"https:\/\/designsundsvall.se\/?p=1103","title":{"rendered":"Bra med folk p\u00e5 de tv\u00e5 bokreleaserna f\u00f6r B\u00f6rje Alstr\u00f6ms bok"},"content":{"rendered":"\n<figure class=\"wp-block-image\"><img loading=\"lazy\" decoding=\"async\" width=\"740\" height=\"741\" src=\"https:\/\/designsundsvall.se\/wp-content\/uploads\/2019\/06\/Bo\u0308rje-4.jpg\" alt=\"\" class=\"wp-image-1104\" srcset=\"https:\/\/designsundsvall.se\/wp-content\/uploads\/2019\/06\/Bo\u0308rje-4.jpg 740w, https:\/\/designsundsvall.se\/wp-content\/uploads\/2019\/06\/Bo\u0308rje-4-150x150.jpg 150w, https:\/\/designsundsvall.se\/wp-content\/uploads\/2019\/06\/Bo\u0308rje-4-300x300.jpg 300w\" sizes=\"auto, (max-width: 740px) 100vw, 740px\" \/><\/figure>\n\n\n<p>F\u00f6r B\u00f6rje Alstr\u00f6ms bok &#8221;Mitt liv bortom rubrikerna&#8221; hade vi f\u00f6rst bokrelease p\u00e5 V\u00e4ng\u00e5vans bokhandel i Sundsvall. M\u00e5nga kom f\u00f6r att lyssna och k\u00f6pa ett signerat exemplar av boken, (0van).<\/p>\n<p>Lika stort var intresset n\u00e4r vi hade release i Stockholm i Gamla stans bokhandel. En riktig p\u00e4rla bland bokhandlarna i Stockholm.<\/p>\n\n\n<figure class=\"wp-block-image\"><img loading=\"lazy\" decoding=\"async\" width=\"640\" height=\"424\" src=\"https:\/\/designsundsvall.se\/wp-content\/uploads\/2019\/06\/Bo\u0308rje-3.jpg\" alt=\"\" class=\"wp-image-1108\" srcset=\"https:\/\/designsundsvall.se\/wp-content\/uploads\/2019\/06\/Bo\u0308rje-3.jpg 640w, https:\/\/designsundsvall.se\/wp-content\/uploads\/2019\/06\/Bo\u0308rje-3-300x199.jpg 300w\" sizes=\"auto, (max-width: 640px) 100vw, 640px\" \/><\/figure>\n\n\n\n<p><a href=\"https:\/\/www.st.nu\/artikel\/sundsvalls-kommun\/han-var-st-s-chefredaktor-som-fick-sparken-30-ar-senare-ger-borje-alstrom-ut-boken-om-livet-i-en-mediefamilj?fbclid=IwAR1z4QIxPFiZsDzD-0q7SzjN0lYTf_W9kokP9Sk-0oBvPrVk9kp7lTlkfZY\">L\u00e4s \u00e4ven Sundsvalls Tidnings recension av boken<\/a><\/p>\n\n\n\n<p><\/p>\n","protected":false},"excerpt":{"rendered":"<p>F\u00f6r B\u00f6rje Alstr\u00f6ms bok &#8221;Mitt liv bortom rubrikerna&#8221; hade vi f\u00f6rst bokrelease p\u00e5 V\u00e4ng\u00e5vans bokhandel i Sundsvall. M\u00e5nga kom f\u00f6r att lyssna och k\u00f6pa ett signerat exemplar av boken, (0van). Lika stort var intresset n\u00e4r vi hade release i Stockholm &hellip; <a href=\"https:\/\/designsundsvall.se\/?p=1103\">Forts\u00e4tt l\u00e4sa <span class=\"meta-nav\">&rarr;<\/span><\/a><\/p>\n","protected":false},"author":1,"featured_media":0,"comment_status":"open","ping_status":"open","sticky":false,"template":"","format":"standard","meta":{"footnotes":""},"categories":[1],"tags":[],"class_list":["post-1103","post","type-post","status-publish","format-standard","hentry","category-uncategorized"],"post_mailing_queue_ids":[],"_links":{"self":[{"href":"https:\/\/designsundsvall.se\/index.php?rest_route=\/wp\/v2\/posts\/1103","targetHints":{"allow":["GET"]}}],"collection":[{"href":"https:\/\/designsundsvall.se\/index.php?rest_route=\/wp\/v2\/posts"}],"about":[{"href":"https:\/\/designsundsvall.se\/index.php?rest_route=\/wp\/v2\/types\/post"}],"author":[{"embeddable":true,"href":"https:\/\/designsundsvall.se\/index.php?rest_route=\/wp\/v2\/users\/1"}],"replies":[{"embeddable":true,"href":"https:\/\/designsundsvall.se\/index.php?rest_route=%2Fwp%2Fv2%2Fcomments&post=1103"}],"version-history":[{"count":2,"href":"https:\/\/designsundsvall.se\/index.php?rest_route=\/wp\/v2\/posts\/1103\/revisions"}],"predecessor-version":[{"id":1110,"href":"https:\/\/designsundsvall.se\/index.php?rest_route=\/wp\/v2\/posts\/1103\/revisions\/1110"}],"wp:attachment":[{"href":"https:\/\/designsundsvall.se\/index.php?rest_route=%2Fwp%2Fv2%2Fmedia&parent=1103"}],"wp:term":[{"taxonomy":"category","embeddable":true,"href":"https:\/\/designsundsvall.se\/index.php?rest_route=%2Fwp%2Fv2%2Fcategories&post=1103"},{"taxonomy":"post_tag","embeddable":true,"href":"https:\/\/designsundsvall.se\/index.php?rest_route=%2Fwp%2Fv2%2Ftags&post=1103"}],"curies":[{"name":"wp","href":"https:\/\/api.w.org\/{rel}","templated":true}]}}